{"id":873,"date":"2026-09-03T10:41:21","date_gmt":"2026-09-03T10:41:21","guid":{"rendered":"https:\/\/kams.krei.pl\/?p=873"},"modified":"2026-09-01T11:09:58","modified_gmt":"2026-09-01T11:09:58","slug":"bezpieczenstwo-dziecka-w-drodze-do-szkoly-jak-zadbac-o-widocznosc","status":"publish","type":"post","link":"https:\/\/kams.krei.pl\/index.php\/2026\/09\/03\/bezpieczenstwo-dziecka-w-drodze-do-szkoly-jak-zadbac-o-widocznosc\/","title":{"rendered":"Bezpiecze\u0144stwo dziecka w drodze do szko\u0142y \u2013 jak zadba\u0107 o widoczno\u015b\u0107"},"content":{"rendered":"\n<p class=\"wp-block-paragraph\">Jesieni\u0105 i zim\u0105 dzieci pokonuj\u0105 drog\u0119 do szko\u0142y i z powrotem w\u0142a\u015bnie wtedy, gdy widoczno\u015b\u0107 jest najgorsza: o \u015bwicie i o zmierzchu. Policja od lat powtarza t\u0119 sam\u0105 liczb\u0119: pieszy w ciemnym ubraniu, bez \u017cadnych element\u00f3w odblaskowych, jest widoczny dla kierowcy z odleg\u0142o\u015bci zaledwie 20\u201340 metr\u00f3w, a z elementem odblaskowym ju\u017c z 130\u2013150 metr\u00f3w. Ta r\u00f3\u017cnica to dla kierowcy dodatkowe kilka sekund reakcji, a przy pr\u0119dko\u015bci miejskiej odleg\u0142o\u015b\u0107, kt\u00f3ra decyduje o tym, czy zd\u0105\u017cy wyhamowa\u0107. <strong>Bezpiecze\u0144stwo dziecka w drodze do szko\u0142y<\/strong> w du\u017cej mierze rozstrzyga si\u0119 w\u0142a\u015bnie na tym.<\/p>\n\n\n\n<h2 class=\"wp-block-heading\">Dlaczego dzieci s\u0105 w tym bardziej nara\u017cone ni\u017c doro\u015bli<\/h2>\n\n\n\n<p class=\"wp-block-paragraph\">Dziecko jest ni\u017csze, wi\u0119c \u0142atwiej znika z pola widzenia kierowcy za zaparkowanymi samochodami, a wychodzi na jezdni\u0119 cz\u0119sto nagle, bez pe\u0142nej oceny sytuacji na drodze. Do tego dochodzi plecak szkolny, kaptur czy czapka ograniczaj\u0105ce pole widzenia samego dziecka. W praktyce oznacza to, \u017ce margines b\u0142\u0119du, jaki daj\u0105 dodatkowe metry widoczno\u015bci, ma tu wi\u0119ksze znaczenie ni\u017c w przypadku doros\u0142ego pieszego.<\/p>\n\n\n\n<h2 class=\"wp-block-heading\">Co m\u00f3wi\u0105 przepisy o odblaskach<\/h2>\n\n\n\n<p class=\"wp-block-paragraph\">Prawo o ruchu drogowym nak\u0142ada obowi\u0105zek noszenia elementu odblaskowego na pieszych poruszaj\u0105cych si\u0119 po zmierzchu poza obszarem zabudowanym, czyli na drogach bez chodnika, na trasie mi\u0119dzy mniejszymi miejscowo\u015bciami. W mie\u015bcie, na chodniku, taki obowi\u0105zek formalnie nie istnieje, ale to akurat nie zmienia fizyki widoczno\u015bci: kierowca w mie\u015bcie te\u017c lepiej widzi dziecko z odblaskiem ni\u017c bez niego, niezale\u017cnie od tego, czy przepis go do tego zobowi\u0105zuje.<\/p>\n\n\n\n<h2 class=\"wp-block-heading\">Gdzie umieszcza\u0107 odblaski, \u017ceby faktycznie dzia\u0142a\u0142y<\/h2>\n\n\n\n<p class=\"wp-block-paragraph\">Odblask ukryty pod kurtk\u0105 albo przypi\u0119ty tylko do plecaka, kt\u00f3ry dziecko nosi na jednym ramieniu, w praktyce dzia\u0142a du\u017co s\u0142abiej ni\u017c powinien. Policja zaleca umieszczanie element\u00f3w odblaskowych na wysoko\u015bci kolan, d\u0142oni oraz w okolicy klatki piersiowej i plec\u00f3w, tak \u017ceby by\u0142y widoczne z obu kierunk\u00f3w ruchu i w polu dzia\u0142ania \u015bwiate\u0142 samochodu, a nie zas\u0142oni\u0119te przez ubranie wierzchnie.<\/p>\n\n\n\n<h2 class=\"wp-block-heading\">Kamizelki i szelki odblaskowe dla dzieci<\/h2>\n\n\n\n<p class=\"wp-block-paragraph\">Pojedynczy odblask przypi\u0119ty do kurtki bywa zapominany albo zdejmowany razem z ubraniem, dlatego prostszym rozwi\u0105zaniem bywa <a href=\"https:\/\/kams.com.pl\/k319,kamizelki-szelki-i-elementy-odblaskowe-dla-dzieci.html\">kamizelka lub szelki odblaskowe dla dzieci<\/a>, kt\u00f3re zak\u0142ada si\u0119 osobno, niezale\u017cnie od tego, w co dziecko jest ubrane danego dnia.<\/p>\n\n\n\n<p class=\"wp-block-paragraph\">[KREI content=produkty kategoria=319 limit=3 sort=kupione_desc]<\/p>\n\n\n\n<p class=\"wp-block-paragraph\">Dzi\u0119ki temu widoczno\u015b\u0107 nie zale\u017cy od pami\u0119ci o dopi\u0119ciu jednego ma\u0142ego odblasku rano w po\u015bpiechu.<\/p>\n\n\n\n<h2 class=\"wp-block-heading\">Latarka na najciemniejsze poranki i popo\u0142udnia<\/h2>\n\n\n\n<p class=\"wp-block-paragraph\">W miesi\u0105cach, gdy droga do szko\u0142y albo powr\u00f3t z zaj\u0119\u0107 dodatkowych wypada po zmroku, dodatkowym zabezpieczeniem bywa niewielka <a href=\"https:\/\/kams.com.pl\/k211,latarki.html\">latarka<\/a>, szczeg\u00f3lnie na osiedlach ze s\u0142abym o\u015bwietleniem ulicznym lub na trasie przez park czy skwer. To rozwi\u0105zanie uzupe\u0142niaj\u0105ce, nie zast\u0119puj\u0105ce odblask\u00f3w, ale przydatne tam, gdzie samo \u015bwiat\u0142o uliczne nie wystarcza.<\/p>\n\n\n\n<h2 class=\"wp-block-heading\">Podsumowanie<\/h2>\n\n\n\n<p class=\"wp-block-paragraph\">Bezpiecze\u0144stwo dziecka w drodze do szko\u0142y zale\u017cy g\u0142\u00f3wnie od tego, czy kierowca zd\u0105\u017cy je zauwa\u017cy\u0107, zanim b\u0119dzie za p\u00f3\u017ano na reakcj\u0119. Odblaski umieszczone we w\u0142a\u015bciwych miejscach, kamizelka lub szelki odblaskowe zak\u0142adane niezale\u017cnie od stroju oraz latarka na najciemniejszych trasach to trzy proste elementy, kt\u00f3re realnie wyd\u0142u\u017caj\u0105 dystans, z jakiego kierowca widzi dziecko na drodze.<\/p>\n","protected":false},"excerpt":{"rendered":"<p>Jesieni\u0105 i zim\u0105 dzieci pokonuj\u0105 drog\u0119 do szko\u0142y i z powrotem w\u0142a\u015bnie wtedy, gdy widoczno\u015b\u0107 jest najgorsza: o \u015bwicie i o zmierzchu. Policja od lat powtarza t\u0119 sam\u0105 liczb\u0119: pieszy w ciemnym ubraniu, bez \u017cadnych element\u00f3w odblaskowych, jest widoczny dla kierowcy z odleg\u0142o\u015bci zaledwie 20\u201340 metr\u00f3w, a z elementem odblaskowym ju\u017c z 130\u2013150 metr\u00f3w. Ta [&hellip;]<\/p>\n","protected":false},"author":1,"featured_media":881,"comment_status":"open","ping_status":"open","sticky":false,"template":"","format":"standard","meta":{"footnotes":""},"categories":[1],"tags":[],"class_list":["post-873","post","type-post","status-publish","format-standard","has-post-thumbnail","hentry","category-kams-1"],"_links":{"self":[{"href":"https:\/\/kams.krei.pl\/index.php\/wp-json\/wp\/v2\/posts\/873","targetHints":{"allow":["GET"]}}],"collection":[{"href":"https:\/\/kams.krei.pl\/index.php\/wp-json\/wp\/v2\/posts"}],"about":[{"href":"https:\/\/kams.krei.pl\/index.php\/wp-json\/wp\/v2\/types\/post"}],"author":[{"embeddable":true,"href":"https:\/\/kams.krei.pl\/index.php\/wp-json\/wp\/v2\/users\/1"}],"replies":[{"embeddable":true,"href":"https:\/\/kams.krei.pl\/index.php\/wp-json\/wp\/v2\/comments?post=873"}],"version-history":[{"count":1,"href":"https:\/\/kams.krei.pl\/index.php\/wp-json\/wp\/v2\/posts\/873\/revisions"}],"predecessor-version":[{"id":875,"href":"https:\/\/kams.krei.pl\/index.php\/wp-json\/wp\/v2\/posts\/873\/revisions\/875"}],"wp:featuredmedia":[{"embeddable":true,"href":"https:\/\/kams.krei.pl\/index.php\/wp-json\/wp\/v2\/media\/881"}],"wp:attachment":[{"href":"https:\/\/kams.krei.pl\/index.php\/wp-json\/wp\/v2\/media?parent=873"}],"wp:term":[{"taxonomy":"category","embeddable":true,"href":"https:\/\/kams.krei.pl\/index.php\/wp-json\/wp\/v2\/categories?post=873"},{"taxonomy":"post_tag","embeddable":true,"href":"https:\/\/kams.krei.pl\/index.php\/wp-json\/wp\/v2\/tags?post=873"}],"curies":[{"name":"wp","href":"https:\/\/api.w.org\/{rel}","templated":true}]}}